{"id":1727,"date":"2020-04-09T13:06:23","date_gmt":"2020-04-09T13:06:23","guid":{"rendered":"https:\/\/www.mynametags.com.br\/blog\/?p=1727"},"modified":"2022-06-14T21:44:36","modified_gmt":"2022-06-14T21:44:36","slug":"as-nossas-etiquetas-sao-agora-antibacterianas","status":"publish","type":"post","link":"https:\/\/www.mynametags.com.br\/blog\/2020\/04\/as-nossas-etiquetas-sao-agora-antibacterianas\/","title":{"rendered":"As nossas etiquetas s\u00e3o agora antimicrobianas!"},"content":{"rendered":"\n<figure class=\"wp-block-image size-large\"><img fetchpriority=\"high\" decoding=\"async\" width=\"768\" height=\"769\" src=\"https:\/\/www.mynametags.com.br\/blog\/wp-content\/uploads\/2021\/09\/Antibacterial-PT-1-768x769-1.jpg\" alt=\"\" class=\"wp-image-1833\" srcset=\"https:\/\/www.mynametags.com.br\/blog\/wp-content\/uploads\/2021\/09\/Antibacterial-PT-1-768x769-1.jpg 768w, https:\/\/www.mynametags.com.br\/blog\/wp-content\/uploads\/2021\/09\/Antibacterial-PT-1-768x769-1-300x300.jpg 300w, https:\/\/www.mynametags.com.br\/blog\/wp-content\/uploads\/2021\/09\/Antibacterial-PT-1-768x769-1-150x150.jpg 150w\" sizes=\"(max-width: 768px) 100vw, 768px\" \/><\/figure>\n\n\n\n<p>As etiquetas My Nametags s\u00e3o as \u00fanicas etiquetas antimicrobianas do mercado!<\/p>\n\n\n\n<p>Durante a atual pandemia de Covid-19, percebemos o qu\u00e3o vitais s\u00e3o as boas pr\u00e1ticas de higiene e a import\u00e2ncia de superf\u00edcies limpas, e por isso queremos fazer tudo o que pudermos ajudar os nossos clientes.<br><\/p>\n\n\n\n<p>Agora cobrimos todas as nossas etiquetas com um revestimento antimicrobianas \u00e0 base de prata que inibe a capacidade dos micr\u00f3bios de crescerem na superf\u00edcie. As nossas etiquetas s\u00e3o testadas pela Industrial Microbiological Services e de acordo com a ISO 22196 (Medi\u00e7\u00e3o da atividade antimicrobiana em pl\u00e1sticos e outras superf\u00edcies n\u00e3o porosas).<\/p>\n\n\n\n<p>Somos a \u00fanica empresa que oferece isso!<\/p>\n\n\n\n<p>Al\u00e9m de antimicrobianas, as nossas etiquetas s\u00e3o resistentes ao desgaste, dur\u00e1veis, imperme\u00e1veis e adequadas para uso em m\u00e1quinas de lavar, lava-lou\u00e7as e microondas, e s\u00e3o perfeitas para uso em equipamentos em casas de repouso e escolas. Pode encontrar toda a informa\u00e7\u00e3o sobre as nossas etiquetas e como aplica-las veja nossa pagina: <a href=\"https:\/\/www.mynametags.com.br\/como-aplicar-etiquetas\">guia de etiquetagem<\/a>.<\/p>\n\n\n\n<p><a href=\"https:\/\/www.mynametags.com.br\/desenhe-sua-etiqueta\">Personalize j\u00e1 as suas.<\/a><br><\/p>\n","protected":false},"excerpt":{"rendered":"<p>As etiquetas My Nametags s\u00e3o as \u00fanicas etiquetas antimicrobianas do mercado! Durante a atual pandemia de Covid-19, percebemos o qu\u00e3o vitais s\u00e3o as boas pr\u00e1ticas de higiene e a import\u00e2ncia de superf\u00edcies limpas, e por isso queremos fazer tudo o que pudermos ajudar os nossos clientes. Agora cobrimos todas as nossas etiquetas com um revestimento [&hellip;]<\/p>\n","protected":false},"author":1,"featured_media":0,"comment_status":"closed","ping_status":"open","sticky":false,"template":"","format":"standard","meta":{"rop_custom_images_group":[],"rop_custom_messages_group":[],"rop_publish_now":"initial","rop_publish_now_accounts":[],"rop_publish_now_history":[],"rop_publish_now_status":"pending","ocean_post_layout":"","ocean_both_sidebars_style":"","ocean_both_sidebars_content_width":0,"ocean_both_sidebars_sidebars_width":0,"ocean_sidebar":"","ocean_second_sidebar":"","ocean_disable_margins":"enable","ocean_add_body_class":"","ocean_shortcode_before_top_bar":"","ocean_shortcode_after_top_bar":"","ocean_shortcode_before_header":"","ocean_shortcode_after_header":"","ocean_has_shortcode":"","ocean_shortcode_after_title":"","ocean_shortcode_before_footer_widgets":"","ocean_shortcode_after_footer_widgets":"","ocean_shortcode_before_footer_bottom":"","ocean_shortcode_after_footer_bottom":"","ocean_display_top_bar":"default","ocean_display_header":"default","ocean_header_style":"","ocean_center_header_left_menu":"","ocean_custom_header_template":"","ocean_custom_logo":0,"ocean_custom_retina_logo":0,"ocean_custom_logo_max_width":0,"ocean_custom_logo_tablet_max_width":0,"ocean_custom_logo_mobile_max_width":0,"ocean_custom_logo_max_height":0,"ocean_custom_logo_tablet_max_height":0,"ocean_custom_logo_mobile_max_height":0,"ocean_header_custom_menu":"","ocean_menu_typo_font_family":"","ocean_menu_typo_font_subset":"","ocean_menu_typo_font_size":0,"ocean_menu_typo_font_size_tablet":0,"ocean_menu_typo_font_size_mobile":0,"ocean_menu_typo_font_size_unit":"px","ocean_menu_typo_font_weight":"","ocean_menu_typo_font_weight_tablet":"","ocean_menu_typo_font_weight_mobile":"","ocean_menu_typo_transform":"","ocean_menu_typo_transform_tablet":"","ocean_menu_typo_transform_mobile":"","ocean_menu_typo_line_height":0,"ocean_menu_typo_line_height_tablet":0,"ocean_menu_typo_line_height_mobile":0,"ocean_menu_typo_line_height_unit":"","ocean_menu_typo_spacing":0,"ocean_menu_typo_spacing_tablet":0,"ocean_menu_typo_spacing_mobile":0,"ocean_menu_typo_spacing_unit":"","ocean_menu_link_color":"","ocean_menu_link_color_hover":"","ocean_menu_link_color_active":"","ocean_menu_link_background":"","ocean_menu_link_hover_background":"","ocean_menu_link_active_background":"","ocean_menu_social_links_bg":"","ocean_menu_social_hover_links_bg":"","ocean_menu_social_links_color":"","ocean_menu_social_hover_links_color":"","ocean_disable_title":"default","ocean_disable_heading":"default","ocean_post_title":"","ocean_post_subheading":"","ocean_post_title_style":"","ocean_post_title_background_color":"","ocean_post_title_background":0,"ocean_post_title_bg_image_position":"","ocean_post_title_bg_image_attachment":"","ocean_post_title_bg_image_repeat":"","ocean_post_title_bg_image_size":"","ocean_post_title_height":0,"ocean_post_title_bg_overlay":0.5,"ocean_post_title_bg_overlay_color":"","ocean_disable_breadcrumbs":"default","ocean_breadcrumbs_color":"","ocean_breadcrumbs_separator_color":"","ocean_breadcrumbs_links_color":"","ocean_breadcrumbs_links_hover_color":"","ocean_display_footer_widgets":"default","ocean_display_footer_bottom":"default","ocean_custom_footer_template":"","ocean_post_oembed":"","ocean_post_self_hosted_media":"","ocean_post_video_embed":"","ocean_link_format":"","ocean_link_format_target":"self","ocean_quote_format":"","ocean_quote_format_link":"post","ocean_gallery_link_images":"on","ocean_gallery_id":[],"footnotes":""},"categories":[1],"tags":[],"class_list":["post-1727","post","type-post","status-publish","format-standard","hentry","category-uncategorized","entry"],"yoast_head":"<!-- This site is optimized with the Yoast SEO plugin v27.3 - https:\/\/yoast.com\/product\/yoast-seo-wordpress\/ -->\n<title>As nossas etiquetas s\u00e3o agora antimicrobianas! - My Nametags BR Blog<\/title>\n<meta name=\"description\" content=\"As nossas etiquetas s\u00e3o agora antimicrobianas\" \/>\n<meta name=\"robots\" content=\"index, follow, max-snippet:-1, max-image-preview:large, max-video-preview:-1\" \/>\n<link rel=\"canonical\" href=\"https:\/\/www.mynametags.com.br\/blog\/2020\/04\/as-nossas-etiquetas-sao-agora-antibacterianas\/\" \/>\n<meta property=\"og:locale\" content=\"en_GB\" \/>\n<meta property=\"og:type\" content=\"article\" \/>\n<meta property=\"og:title\" content=\"As nossas etiquetas s\u00e3o agora antimicrobianas! - My Nametags BR Blog\" \/>\n<meta property=\"og:description\" content=\"As nossas etiquetas s\u00e3o agora antimicrobianas\" \/>\n<meta property=\"og:url\" content=\"https:\/\/www.mynametags.com.br\/blog\/2020\/04\/as-nossas-etiquetas-sao-agora-antibacterianas\/\" \/>\n<meta property=\"og:site_name\" content=\"My Nametags BR Blog\" \/>\n<meta property=\"article:publisher\" content=\"https:\/\/www.facebook.com\/MyNametags\" \/>\n<meta property=\"article:published_time\" content=\"2020-04-09T13:06:23+00:00\" \/>\n<meta property=\"article:modified_time\" content=\"2022-06-14T21:44:36+00:00\" \/>\n<meta property=\"og:image\" content=\"https:\/\/www.mynametags.com.br\/blog\/wp-content\/uploads\/2021\/09\/Antibacterial-PT-1-768x769-1.jpg\" \/>\n\t<meta property=\"og:image:width\" content=\"768\" \/>\n\t<meta property=\"og:image:height\" content=\"769\" \/>\n\t<meta property=\"og:image:type\" content=\"image\/jpeg\" \/>\n<meta name=\"author\" content=\"admin\" \/>\n<meta name=\"twitter:card\" content=\"summary_large_image\" \/>\n<meta name=\"twitter:creator\" content=\"@MyNametags\" \/>\n<meta name=\"twitter:site\" content=\"@MyNametags\" \/>\n<meta name=\"twitter:label1\" content=\"Written by\" \/>\n\t<meta name=\"twitter:data1\" content=\"admin\" \/>\n\t<meta name=\"twitter:label2\" content=\"Estimated reading time\" \/>\n\t<meta name=\"twitter:data2\" content=\"1 minute\" \/>\n<script type=\"application\/ld+json\" class=\"yoast-schema-graph\">{\"@context\":\"https:\\\/\\\/schema.org\",\"@graph\":[{\"@type\":\"Article\",\"@id\":\"https:\\\/\\\/www.mynametags.com.br\\\/blog\\\/2020\\\/04\\\/as-nossas-etiquetas-sao-agora-antibacterianas\\\/#article\",\"isPartOf\":{\"@id\":\"https:\\\/\\\/www.mynametags.com.br\\\/blog\\\/2020\\\/04\\\/as-nossas-etiquetas-sao-agora-antibacterianas\\\/\"},\"author\":{\"name\":\"admin\",\"@id\":\"https:\\\/\\\/www.mynametags.com.br\\\/blog\\\/#\\\/schema\\\/person\\\/b2a0d2a574a114e046034faa34634e21\"},\"headline\":\"As nossas etiquetas s\u00e3o agora antimicrobianas!\",\"datePublished\":\"2020-04-09T13:06:23+00:00\",\"dateModified\":\"2022-06-14T21:44:36+00:00\",\"mainEntityOfPage\":{\"@id\":\"https:\\\/\\\/www.mynametags.com.br\\\/blog\\\/2020\\\/04\\\/as-nossas-etiquetas-sao-agora-antibacterianas\\\/\"},\"wordCount\":188,\"image\":{\"@id\":\"https:\\\/\\\/www.mynametags.com.br\\\/blog\\\/2020\\\/04\\\/as-nossas-etiquetas-sao-agora-antibacterianas\\\/#primaryimage\"},\"thumbnailUrl\":\"https:\\\/\\\/www.mynametags.com.br\\\/blog\\\/wp-content\\\/uploads\\\/2021\\\/09\\\/Antibacterial-PT-1-768x769-1.jpg\",\"articleSection\":[\"Uncategorized\"],\"inLanguage\":\"en-GB\"},{\"@type\":\"WebPage\",\"@id\":\"https:\\\/\\\/www.mynametags.com.br\\\/blog\\\/2020\\\/04\\\/as-nossas-etiquetas-sao-agora-antibacterianas\\\/\",\"url\":\"https:\\\/\\\/www.mynametags.com.br\\\/blog\\\/2020\\\/04\\\/as-nossas-etiquetas-sao-agora-antibacterianas\\\/\",\"name\":\"As nossas etiquetas s\u00e3o agora antimicrobianas! - My Nametags BR Blog\",\"isPartOf\":{\"@id\":\"https:\\\/\\\/www.mynametags.com.br\\\/blog\\\/#website\"},\"primaryImageOfPage\":{\"@id\":\"https:\\\/\\\/www.mynametags.com.br\\\/blog\\\/2020\\\/04\\\/as-nossas-etiquetas-sao-agora-antibacterianas\\\/#primaryimage\"},\"image\":{\"@id\":\"https:\\\/\\\/www.mynametags.com.br\\\/blog\\\/2020\\\/04\\\/as-nossas-etiquetas-sao-agora-antibacterianas\\\/#primaryimage\"},\"thumbnailUrl\":\"https:\\\/\\\/www.mynametags.com.br\\\/blog\\\/wp-content\\\/uploads\\\/2021\\\/09\\\/Antibacterial-PT-1-768x769-1.jpg\",\"datePublished\":\"2020-04-09T13:06:23+00:00\",\"dateModified\":\"2022-06-14T21:44:36+00:00\",\"author\":{\"@id\":\"https:\\\/\\\/www.mynametags.com.br\\\/blog\\\/#\\\/schema\\\/person\\\/b2a0d2a574a114e046034faa34634e21\"},\"description\":\"As nossas etiquetas s\u00e3o agora antimicrobianas\",\"breadcrumb\":{\"@id\":\"https:\\\/\\\/www.mynametags.com.br\\\/blog\\\/2020\\\/04\\\/as-nossas-etiquetas-sao-agora-antibacterianas\\\/#breadcrumb\"},\"inLanguage\":\"en-GB\",\"potentialAction\":[{\"@type\":\"ReadAction\",\"target\":[\"https:\\\/\\\/www.mynametags.com.br\\\/blog\\\/2020\\\/04\\\/as-nossas-etiquetas-sao-agora-antibacterianas\\\/\"]}]},{\"@type\":\"ImageObject\",\"inLanguage\":\"en-GB\",\"@id\":\"https:\\\/\\\/www.mynametags.com.br\\\/blog\\\/2020\\\/04\\\/as-nossas-etiquetas-sao-agora-antibacterianas\\\/#primaryimage\",\"url\":\"https:\\\/\\\/www.mynametags.com.br\\\/blog\\\/wp-content\\\/uploads\\\/2021\\\/09\\\/Antibacterial-PT-1-768x769-1.jpg\",\"contentUrl\":\"https:\\\/\\\/www.mynametags.com.br\\\/blog\\\/wp-content\\\/uploads\\\/2021\\\/09\\\/Antibacterial-PT-1-768x769-1.jpg\",\"width\":768,\"height\":769},{\"@type\":\"BreadcrumbList\",\"@id\":\"https:\\\/\\\/www.mynametags.com.br\\\/blog\\\/2020\\\/04\\\/as-nossas-etiquetas-sao-agora-antibacterianas\\\/#breadcrumb\",\"itemListElement\":[{\"@type\":\"ListItem\",\"position\":1,\"name\":\"Home\",\"item\":\"https:\\\/\\\/www.mynametags.com.br\\\/blog\\\/\"},{\"@type\":\"ListItem\",\"position\":2,\"name\":\"As nossas etiquetas s\u00e3o agora antimicrobianas!\"}]},{\"@type\":\"WebSite\",\"@id\":\"https:\\\/\\\/www.mynametags.com.br\\\/blog\\\/#website\",\"url\":\"https:\\\/\\\/www.mynametags.com.br\\\/blog\\\/\",\"name\":\"My Nametags BR Blog\",\"description\":\"blog about name labels, name tags and other important matters\",\"potentialAction\":[{\"@type\":\"SearchAction\",\"target\":{\"@type\":\"EntryPoint\",\"urlTemplate\":\"https:\\\/\\\/www.mynametags.com.br\\\/blog\\\/?s={search_term_string}\"},\"query-input\":{\"@type\":\"PropertyValueSpecification\",\"valueRequired\":true,\"valueName\":\"search_term_string\"}}],\"inLanguage\":\"en-GB\"},{\"@type\":\"Person\",\"@id\":\"https:\\\/\\\/www.mynametags.com.br\\\/blog\\\/#\\\/schema\\\/person\\\/b2a0d2a574a114e046034faa34634e21\",\"name\":\"admin\",\"image\":{\"@type\":\"ImageObject\",\"inLanguage\":\"en-GB\",\"@id\":\"https:\\\/\\\/secure.gravatar.com\\\/avatar\\\/27b864c344d0ba647defbb14d62338d7e0dbb466a73b4966351866c8441fdae1?s=96&d=mm&r=g\",\"url\":\"https:\\\/\\\/secure.gravatar.com\\\/avatar\\\/27b864c344d0ba647defbb14d62338d7e0dbb466a73b4966351866c8441fdae1?s=96&d=mm&r=g\",\"contentUrl\":\"https:\\\/\\\/secure.gravatar.com\\\/avatar\\\/27b864c344d0ba647defbb14d62338d7e0dbb466a73b4966351866c8441fdae1?s=96&d=mm&r=g\",\"caption\":\"admin\"},\"url\":\"https:\\\/\\\/www.mynametags.com.br\\\/blog\\\/author\\\/admin\\\/\"}]}<\/script>\n<!-- \/ Yoast SEO plugin. -->","yoast_head_json":{"title":"As nossas etiquetas s\u00e3o agora antimicrobianas! - My Nametags BR Blog","description":"As nossas etiquetas s\u00e3o agora antimicrobianas","robots":{"index":"index","follow":"follow","max-snippet":"max-snippet:-1","max-image-preview":"max-image-preview:large","max-video-preview":"max-video-preview:-1"},"canonical":"https:\/\/www.mynametags.com.br\/blog\/2020\/04\/as-nossas-etiquetas-sao-agora-antibacterianas\/","og_locale":"en_GB","og_type":"article","og_title":"As nossas etiquetas s\u00e3o agora antimicrobianas! - My Nametags BR Blog","og_description":"As nossas etiquetas s\u00e3o agora antimicrobianas","og_url":"https:\/\/www.mynametags.com.br\/blog\/2020\/04\/as-nossas-etiquetas-sao-agora-antibacterianas\/","og_site_name":"My Nametags BR Blog","article_publisher":"https:\/\/www.facebook.com\/MyNametags","article_published_time":"2020-04-09T13:06:23+00:00","article_modified_time":"2022-06-14T21:44:36+00:00","og_image":[{"width":768,"height":769,"url":"https:\/\/www.mynametags.com.br\/blog\/wp-content\/uploads\/2021\/09\/Antibacterial-PT-1-768x769-1.jpg","type":"image\/jpeg"}],"author":"admin","twitter_card":"summary_large_image","twitter_creator":"@MyNametags","twitter_site":"@MyNametags","twitter_misc":{"Written by":"admin","Estimated reading time":"1 minute"},"schema":{"@context":"https:\/\/schema.org","@graph":[{"@type":"Article","@id":"https:\/\/www.mynametags.com.br\/blog\/2020\/04\/as-nossas-etiquetas-sao-agora-antibacterianas\/#article","isPartOf":{"@id":"https:\/\/www.mynametags.com.br\/blog\/2020\/04\/as-nossas-etiquetas-sao-agora-antibacterianas\/"},"author":{"name":"admin","@id":"https:\/\/www.mynametags.com.br\/blog\/#\/schema\/person\/b2a0d2a574a114e046034faa34634e21"},"headline":"As nossas etiquetas s\u00e3o agora antimicrobianas!","datePublished":"2020-04-09T13:06:23+00:00","dateModified":"2022-06-14T21:44:36+00:00","mainEntityOfPage":{"@id":"https:\/\/www.mynametags.com.br\/blog\/2020\/04\/as-nossas-etiquetas-sao-agora-antibacterianas\/"},"wordCount":188,"image":{"@id":"https:\/\/www.mynametags.com.br\/blog\/2020\/04\/as-nossas-etiquetas-sao-agora-antibacterianas\/#primaryimage"},"thumbnailUrl":"https:\/\/www.mynametags.com.br\/blog\/wp-content\/uploads\/2021\/09\/Antibacterial-PT-1-768x769-1.jpg","articleSection":["Uncategorized"],"inLanguage":"en-GB"},{"@type":"WebPage","@id":"https:\/\/www.mynametags.com.br\/blog\/2020\/04\/as-nossas-etiquetas-sao-agora-antibacterianas\/","url":"https:\/\/www.mynametags.com.br\/blog\/2020\/04\/as-nossas-etiquetas-sao-agora-antibacterianas\/","name":"As nossas etiquetas s\u00e3o agora antimicrobianas! - My Nametags BR Blog","isPartOf":{"@id":"https:\/\/www.mynametags.com.br\/blog\/#website"},"primaryImageOfPage":{"@id":"https:\/\/www.mynametags.com.br\/blog\/2020\/04\/as-nossas-etiquetas-sao-agora-antibacterianas\/#primaryimage"},"image":{"@id":"https:\/\/www.mynametags.com.br\/blog\/2020\/04\/as-nossas-etiquetas-sao-agora-antibacterianas\/#primaryimage"},"thumbnailUrl":"https:\/\/www.mynametags.com.br\/blog\/wp-content\/uploads\/2021\/09\/Antibacterial-PT-1-768x769-1.jpg","datePublished":"2020-04-09T13:06:23+00:00","dateModified":"2022-06-14T21:44:36+00:00","author":{"@id":"https:\/\/www.mynametags.com.br\/blog\/#\/schema\/person\/b2a0d2a574a114e046034faa34634e21"},"description":"As nossas etiquetas s\u00e3o agora antimicrobianas","breadcrumb":{"@id":"https:\/\/www.mynametags.com.br\/blog\/2020\/04\/as-nossas-etiquetas-sao-agora-antibacterianas\/#breadcrumb"},"inLanguage":"en-GB","potentialAction":[{"@type":"ReadAction","target":["https:\/\/www.mynametags.com.br\/blog\/2020\/04\/as-nossas-etiquetas-sao-agora-antibacterianas\/"]}]},{"@type":"ImageObject","inLanguage":"en-GB","@id":"https:\/\/www.mynametags.com.br\/blog\/2020\/04\/as-nossas-etiquetas-sao-agora-antibacterianas\/#primaryimage","url":"https:\/\/www.mynametags.com.br\/blog\/wp-content\/uploads\/2021\/09\/Antibacterial-PT-1-768x769-1.jpg","contentUrl":"https:\/\/www.mynametags.com.br\/blog\/wp-content\/uploads\/2021\/09\/Antibacterial-PT-1-768x769-1.jpg","width":768,"height":769},{"@type":"BreadcrumbList","@id":"https:\/\/www.mynametags.com.br\/blog\/2020\/04\/as-nossas-etiquetas-sao-agora-antibacterianas\/#breadcrumb","itemListElement":[{"@type":"ListItem","position":1,"name":"Home","item":"https:\/\/www.mynametags.com.br\/blog\/"},{"@type":"ListItem","position":2,"name":"As nossas etiquetas s\u00e3o agora antimicrobianas!"}]},{"@type":"WebSite","@id":"https:\/\/www.mynametags.com.br\/blog\/#website","url":"https:\/\/www.mynametags.com.br\/blog\/","name":"My Nametags BR Blog","description":"blog about name labels, name tags and other important matters","potentialAction":[{"@type":"SearchAction","target":{"@type":"EntryPoint","urlTemplate":"https:\/\/www.mynametags.com.br\/blog\/?s={search_term_string}"},"query-input":{"@type":"PropertyValueSpecification","valueRequired":true,"valueName":"search_term_string"}}],"inLanguage":"en-GB"},{"@type":"Person","@id":"https:\/\/www.mynametags.com.br\/blog\/#\/schema\/person\/b2a0d2a574a114e046034faa34634e21","name":"admin","image":{"@type":"ImageObject","inLanguage":"en-GB","@id":"https:\/\/secure.gravatar.com\/avatar\/27b864c344d0ba647defbb14d62338d7e0dbb466a73b4966351866c8441fdae1?s=96&d=mm&r=g","url":"https:\/\/secure.gravatar.com\/avatar\/27b864c344d0ba647defbb14d62338d7e0dbb466a73b4966351866c8441fdae1?s=96&d=mm&r=g","contentUrl":"https:\/\/secure.gravatar.com\/avatar\/27b864c344d0ba647defbb14d62338d7e0dbb466a73b4966351866c8441fdae1?s=96&d=mm&r=g","caption":"admin"},"url":"https:\/\/www.mynametags.com.br\/blog\/author\/admin\/"}]}},"post_mailing_queue_ids":[],"_links":{"self":[{"href":"https:\/\/www.mynametags.com.br\/blog\/wp-json\/wp\/v2\/posts\/1727","targetHints":{"allow":["GET"]}}],"collection":[{"href":"https:\/\/www.mynametags.com.br\/blog\/wp-json\/wp\/v2\/posts"}],"about":[{"href":"https:\/\/www.mynametags.com.br\/blog\/wp-json\/wp\/v2\/types\/post"}],"author":[{"embeddable":true,"href":"https:\/\/www.mynametags.com.br\/blog\/wp-json\/wp\/v2\/users\/1"}],"replies":[{"embeddable":true,"href":"https:\/\/www.mynametags.com.br\/blog\/wp-json\/wp\/v2\/comments?post=1727"}],"version-history":[{"count":3,"href":"https:\/\/www.mynametags.com.br\/blog\/wp-json\/wp\/v2\/posts\/1727\/revisions"}],"predecessor-version":[{"id":1875,"href":"https:\/\/www.mynametags.com.br\/blog\/wp-json\/wp\/v2\/posts\/1727\/revisions\/1875"}],"wp:attachment":[{"href":"https:\/\/www.mynametags.com.br\/blog\/wp-json\/wp\/v2\/media?parent=1727"}],"wp:term":[{"taxonomy":"category","embeddable":true,"href":"https:\/\/www.mynametags.com.br\/blog\/wp-json\/wp\/v2\/categories?post=1727"},{"taxonomy":"post_tag","embeddable":true,"href":"https:\/\/www.mynametags.com.br\/blog\/wp-json\/wp\/v2\/tags?post=1727"}],"curies":[{"name":"wp","href":"https:\/\/api.w.org\/{rel}","templated":true}]}}