{"id":1836,"date":"2021-09-29T11:21:41","date_gmt":"2021-09-29T11:21:41","guid":{"rendered":"https:\/\/www.mynametags.com.br\/blog\/?p=1836"},"modified":"2022-03-14T15:45:47","modified_gmt":"2022-03-14T15:45:47","slug":"o-porque-das-etiquetas-personalizadas-serem-um-must-have-para-a-escola","status":"publish","type":"post","link":"https:\/\/www.mynametags.com.br\/blog\/2021\/09\/o-porque-das-etiquetas-personalizadas-serem-um-must-have-para-a-escola\/","title":{"rendered":"O porqu\u00ea das etiquetas personalizadas serem um must-have para a escola"},"content":{"rendered":"\n<figure class=\"wp-block-image size-large\"><img fetchpriority=\"high\" decoding=\"async\" width=\"1024\" height=\"683\" src=\"https:\/\/www.mynametags.com.br\/blog\/wp-content\/uploads\/2021\/09\/IMG_2953-2-1024x683.jpg\" alt=\"\" class=\"wp-image-1839\" srcset=\"https:\/\/www.mynametags.com.br\/blog\/wp-content\/uploads\/2021\/09\/IMG_2953-2-1024x683.jpg 1024w, https:\/\/www.mynametags.com.br\/blog\/wp-content\/uploads\/2021\/09\/IMG_2953-2-300x200.jpg 300w, https:\/\/www.mynametags.com.br\/blog\/wp-content\/uploads\/2021\/09\/IMG_2953-2-768x512.jpg 768w, https:\/\/www.mynametags.com.br\/blog\/wp-content\/uploads\/2021\/09\/IMG_2953-2-1536x1024.jpg 1536w, https:\/\/www.mynametags.com.br\/blog\/wp-content\/uploads\/2021\/09\/IMG_2953-2.jpg 1920w\" sizes=\"(max-width: 1024px) 100vw, 1024px\" \/><\/figure>\n\n\n\n<p>Identificar as coisas de seus filhos para a escola sempre foi importante. Um estudo que fizemos o ano passado descobriu que em m\u00e9dia uma crian\u00e7a perde permanentemente 9 objetos por ano escolar. Se pensarmos em cerca de 10 milh\u00f5es de crian\u00e7as de idade escolar, s\u00e3o 90 milh\u00f5es de itens perdidos cada ano! Isto n\u00e3o s\u00f3 tem um impacto ambiental negativo, mas \u00e9 tamb\u00e9m uma preocupa\u00e7\u00e3o financeira para os pais t\u00eam de comprar objetos para substituir coisas que j\u00e1 compraram antes. Se voc\u00ea \u00e9 um desses pais, certamente vai querer continuar lendo. Iremos aqui explorandar as raz\u00f5es pelas quais etiquetas personalizadas <a href=\"https:\/\/www.mynametags.com.br\/volta-as-aulas\">s\u00e3o essenciais para a escola<\/a>.<\/p>\n\n\n\n<p><strong>Custo<\/strong><\/p>\n\n\n\n<p>Bens perdidos s\u00e3o um grande problema nas escolas, e tem sido por muito tempo, as crian\u00e7as sempre perdem coisas, \u00e9 natural, mas e se esses itens perdidos fossem devolvidos \u00e0s crian\u00e7as? N\u00e3o seria \u00f3timo? Em m\u00e9dia, os pais gastam quase R$15000 substituindo itens que s\u00e3o perdidos ao longo da vida escolar de uma crian\u00e7a. Isso \u00e9 uma grande despesa al\u00e9m dos custos escolares existentes. Uma etiqueta personalizada ajudar\u00e1 a garantir que as coisas das crian\u00e7as voltem para casa. Nossas etiquetas t\u00eam espa\u00e7o para 3 linhas de texto para que o nome da crian\u00e7a, a classe e o n\u00famero de telefone dos pais possam ser adicionados  \u00e0 etiqueta, aumentando significativamente as chances de esse item ser devolvido a seu dono.<\/p>\n\n\n\n<p><strong>Seguran\u00e7a<\/strong><\/p>\n\n\n\n<p>Agora, mais do que nunca, estamos conscientes da facilidade com que os germes se propagam de um item para o outro e, quando pensamos em tudo o que uma crian\u00e7a toca na escola, isso nos mostra como isso pode acontecer facilmente. Adicionar uma etiqueta personalizada a todos os materiais escolares de seus filhos significa que eles ser\u00e3o facilmente capazes de identificar suas pr\u00f3prias coisas e&nbsp;ir\u00e1 ajud\u00e1-los a n\u00e3o tocar nas coisas de outras pessoas.<\/p>\n\n\n\n<p><strong>Desperd\u00edcio<\/strong><\/p>\n\n\n\n<p>Itens que n\u00e3o s\u00e3o recuperados da caixa de propriedade perdida da escola  acabam sendo desperdi\u00e7ados , que sabemos ter um impacto severo no <a href=\"https:\/\/www.mynametags.com.br\/sustentabilidade\">meio ambiente<\/a> ao longo do tempo. Acrecentando a isso, a repetida compra de mais coisas para substituir o que foi perdido, desperdi\u00e7a-se tamb\u00e9m os recursos usados \u200b\u200bpara produzir cada uma dessas coisas. Podemos ajudar a reduzir a quantidade de propriedade perdida que vai para o lixo, adicionando uma etiqueta de nome personalizada a estes objetos. Quando os itens s\u00e3o identificados, \u00e9 muito mais prov\u00e1vel que sejam devolvidos aos seus propriet\u00e1rios.<\/p>\n\n\n\n<p><strong>As crian\u00e7as podem criar as suas pr\u00f3prias etiquetas<\/strong> <\/p>\n\n\n\n<p>As crian\u00e7as t\u00eam a liberdade de criar uma etiqueta que seja exclusiva para elas e ao seu estilo. Orgulhamos-nos em ter milhares de combina\u00e7\u00f5es de designs para escolher com todos os tipos de \u00edcones &#8211; de unic\u00f3rnios e fadas a tratores e bolas de futebol- bem como diferentes fundos, fontes e cores de fontes, a escolha \u00e9 infinita! Voc\u00ea certamente ser\u00e1 capaz de criar  uma etiqueta que seus filhos n\u00e3o s\u00f3 v\u00e3o adorar, mas que tamb\u00e9m ajudar\u00e1 a garantir que seus itens voltem para casa. E as etiquetas s\u00e3o t\u00e3o<a href=\"https:\/\/www.mynametags.com.br\/como-aplicar-etiquetas\"> f\u00e1ceis e r\u00e1pidas de aplicar<\/a>!<\/p>\n\n\n\n<p>Para criar suas etiquetas personalizadas escolares para seus filhos, <a href=\"https:\/\/www.mynametags.com.br\/desenhe-sua-etiqueta\">visite nosso website<\/a>.<\/p>\n\n\n\n<p>E claro, n\u00e3o se esque\u00e7a de seguir My Nametags nas redes sociais para estar a par das \u00faltimas novidade, competi\u00e7\u00f5es e muito mais.<br><\/p>\n","protected":false},"excerpt":{"rendered":"<p>Identificar as coisas de seus filhos para a escola sempre foi importante. Um estudo que fizemos o ano passado descobriu que em m\u00e9dia uma crian\u00e7a perde permanentemente 9 objetos por ano escolar. Se pensarmos em cerca de 10 milh\u00f5es de crian\u00e7as de idade escolar, s\u00e3o 90 milh\u00f5es de itens perdidos cada ano! Isto n\u00e3o s\u00f3 [&hellip;]<\/p>\n","protected":false},"author":1,"featured_media":0,"comment_status":"closed","ping_status":"open","sticky":false,"template":"","format":"standard","meta":{"rop_custom_images_group":[],"rop_custom_messages_group":[],"rop_publish_now":"initial","rop_publish_now_accounts":[],"rop_publish_now_history":[],"rop_publish_now_status":"pending","ocean_post_layout":"","ocean_both_sidebars_style":"","ocean_both_sidebars_content_width":0,"ocean_both_sidebars_sidebars_width":0,"ocean_sidebar":"","ocean_second_sidebar":"","ocean_disable_margins":"enable","ocean_add_body_class":"","ocean_shortcode_before_top_bar":"","ocean_shortcode_after_top_bar":"","ocean_shortcode_before_header":"","ocean_shortcode_after_header":"","ocean_has_shortcode":"","ocean_shortcode_after_title":"","ocean_shortcode_before_footer_widgets":"","ocean_shortcode_after_footer_widgets":"","ocean_shortcode_before_footer_bottom":"","ocean_shortcode_after_footer_bottom":"","ocean_display_top_bar":"default","ocean_display_header":"default","ocean_header_style":"","ocean_center_header_left_menu":"","ocean_custom_header_template":"","ocean_custom_logo":0,"ocean_custom_retina_logo":0,"ocean_custom_logo_max_width":0,"ocean_custom_logo_tablet_max_width":0,"ocean_custom_logo_mobile_max_width":0,"ocean_custom_logo_max_height":0,"ocean_custom_logo_tablet_max_height":0,"ocean_custom_logo_mobile_max_height":0,"ocean_header_custom_menu":"","ocean_menu_typo_font_family":"","ocean_menu_typo_font_subset":"","ocean_menu_typo_font_size":0,"ocean_menu_typo_font_size_tablet":0,"ocean_menu_typo_font_size_mobile":0,"ocean_menu_typo_font_size_unit":"px","ocean_menu_typo_font_weight":"","ocean_menu_typo_font_weight_tablet":"","ocean_menu_typo_font_weight_mobile":"","ocean_menu_typo_transform":"","ocean_menu_typo_transform_tablet":"","ocean_menu_typo_transform_mobile":"","ocean_menu_typo_line_height":0,"ocean_menu_typo_line_height_tablet":0,"ocean_menu_typo_line_height_mobile":0,"ocean_menu_typo_line_height_unit":"","ocean_menu_typo_spacing":0,"ocean_menu_typo_spacing_tablet":0,"ocean_menu_typo_spacing_mobile":0,"ocean_menu_typo_spacing_unit":"","ocean_menu_link_color":"","ocean_menu_link_color_hover":"","ocean_menu_link_color_active":"","ocean_menu_link_background":"","ocean_menu_link_hover_background":"","ocean_menu_link_active_background":"","ocean_menu_social_links_bg":"","ocean_menu_social_hover_links_bg":"","ocean_menu_social_links_color":"","ocean_menu_social_hover_links_color":"","ocean_disable_title":"default","ocean_disable_heading":"default","ocean_post_title":"","ocean_post_subheading":"","ocean_post_title_style":"","ocean_post_title_background_color":"","ocean_post_title_background":0,"ocean_post_title_bg_image_position":"","ocean_post_title_bg_image_attachment":"","ocean_post_title_bg_image_repeat":"","ocean_post_title_bg_image_size":"","ocean_post_title_height":0,"ocean_post_title_bg_overlay":0.5,"ocean_post_title_bg_overlay_color":"","ocean_disable_breadcrumbs":"default","ocean_breadcrumbs_color":"","ocean_breadcrumbs_separator_color":"","ocean_breadcrumbs_links_color":"","ocean_breadcrumbs_links_hover_color":"","ocean_display_footer_widgets":"default","ocean_display_footer_bottom":"default","ocean_custom_footer_template":"","ocean_post_oembed":"","ocean_post_self_hosted_media":"","ocean_post_video_embed":"","ocean_link_format":"","ocean_link_format_target":"self","ocean_quote_format":"","ocean_quote_format_link":"post","ocean_gallery_link_images":"on","ocean_gallery_id":[],"footnotes":""},"categories":[1],"tags":[],"class_list":["post-1836","post","type-post","status-publish","format-standard","hentry","category-uncategorized","entry"],"yoast_head":"<!-- This site is optimized with the Yoast SEO plugin v27.3 - https:\/\/yoast.com\/product\/yoast-seo-wordpress\/ -->\n<title>O porqu\u00ea das etiquetas personalizadas serem um must-have para a escola - MN<\/title>\n<meta name=\"description\" content=\"Em m\u00e9dia, uma crian\u00e7a perde permanentemente 9 artigos por ano lectivo. A solu\u00e7\u00e3o f\u00e1cil e simples para isto? Etiquetar TUDO!\" \/>\n<meta name=\"robots\" content=\"index, follow, max-snippet:-1, max-image-preview:large, max-video-preview:-1\" \/>\n<link rel=\"canonical\" href=\"https:\/\/www.mynametags.com.br\/blog\/2021\/09\/o-porque-das-etiquetas-personalizadas-serem-um-must-have-para-a-escola\/\" \/>\n<meta property=\"og:locale\" content=\"en_GB\" \/>\n<meta property=\"og:type\" content=\"article\" \/>\n<meta property=\"og:title\" content=\"O porqu\u00ea das etiquetas personalizadas serem um must-have para a escola - MN\" \/>\n<meta property=\"og:description\" content=\"Em m\u00e9dia, uma crian\u00e7a perde permanentemente 9 artigos por ano lectivo. A solu\u00e7\u00e3o f\u00e1cil e simples para isto? Etiquetar TUDO!\" \/>\n<meta property=\"og:url\" content=\"https:\/\/www.mynametags.com.br\/blog\/2021\/09\/o-porque-das-etiquetas-personalizadas-serem-um-must-have-para-a-escola\/\" \/>\n<meta property=\"og:site_name\" content=\"My Nametags BR Blog\" \/>\n<meta property=\"article:publisher\" content=\"https:\/\/www.facebook.com\/MyNametags\" \/>\n<meta property=\"article:published_time\" content=\"2021-09-29T11:21:41+00:00\" \/>\n<meta property=\"article:modified_time\" content=\"2022-03-14T15:45:47+00:00\" \/>\n<meta property=\"og:image\" content=\"https:\/\/www.mynametags.com.br\/blog\/wp-content\/uploads\/2021\/09\/IMG_2953-2.jpg\" \/>\n\t<meta property=\"og:image:width\" content=\"1920\" \/>\n\t<meta property=\"og:image:height\" content=\"1280\" \/>\n\t<meta property=\"og:image:type\" content=\"image\/jpeg\" \/>\n<meta name=\"author\" content=\"admin\" \/>\n<meta name=\"twitter:card\" content=\"summary_large_image\" \/>\n<meta name=\"twitter:creator\" content=\"@MyNametags\" \/>\n<meta name=\"twitter:site\" content=\"@MyNametags\" \/>\n<meta name=\"twitter:label1\" content=\"Written by\" \/>\n\t<meta name=\"twitter:data1\" content=\"admin\" \/>\n\t<meta name=\"twitter:label2\" content=\"Estimated reading time\" \/>\n\t<meta name=\"twitter:data2\" content=\"3 minutes\" \/>\n<script type=\"application\/ld+json\" class=\"yoast-schema-graph\">{\"@context\":\"https:\\\/\\\/schema.org\",\"@graph\":[{\"@type\":\"Article\",\"@id\":\"https:\\\/\\\/www.mynametags.com.br\\\/blog\\\/2021\\\/09\\\/o-porque-das-etiquetas-personalizadas-serem-um-must-have-para-a-escola\\\/#article\",\"isPartOf\":{\"@id\":\"https:\\\/\\\/www.mynametags.com.br\\\/blog\\\/2021\\\/09\\\/o-porque-das-etiquetas-personalizadas-serem-um-must-have-para-a-escola\\\/\"},\"author\":{\"name\":\"admin\",\"@id\":\"https:\\\/\\\/www.mynametags.com.br\\\/blog\\\/#\\\/schema\\\/person\\\/b2a0d2a574a114e046034faa34634e21\"},\"headline\":\"O porqu\u00ea das etiquetas personalizadas serem um must-have para a escola\",\"datePublished\":\"2021-09-29T11:21:41+00:00\",\"dateModified\":\"2022-03-14T15:45:47+00:00\",\"mainEntityOfPage\":{\"@id\":\"https:\\\/\\\/www.mynametags.com.br\\\/blog\\\/2021\\\/09\\\/o-porque-das-etiquetas-personalizadas-serem-um-must-have-para-a-escola\\\/\"},\"wordCount\":589,\"image\":{\"@id\":\"https:\\\/\\\/www.mynametags.com.br\\\/blog\\\/2021\\\/09\\\/o-porque-das-etiquetas-personalizadas-serem-um-must-have-para-a-escola\\\/#primaryimage\"},\"thumbnailUrl\":\"https:\\\/\\\/www.mynametags.com.br\\\/blog\\\/wp-content\\\/uploads\\\/2021\\\/09\\\/IMG_2953-2-1024x683.jpg\",\"articleSection\":[\"Uncategorized\"],\"inLanguage\":\"en-GB\"},{\"@type\":\"WebPage\",\"@id\":\"https:\\\/\\\/www.mynametags.com.br\\\/blog\\\/2021\\\/09\\\/o-porque-das-etiquetas-personalizadas-serem-um-must-have-para-a-escola\\\/\",\"url\":\"https:\\\/\\\/www.mynametags.com.br\\\/blog\\\/2021\\\/09\\\/o-porque-das-etiquetas-personalizadas-serem-um-must-have-para-a-escola\\\/\",\"name\":\"O porqu\u00ea das etiquetas personalizadas serem um must-have para a escola - MN\",\"isPartOf\":{\"@id\":\"https:\\\/\\\/www.mynametags.com.br\\\/blog\\\/#website\"},\"primaryImageOfPage\":{\"@id\":\"https:\\\/\\\/www.mynametags.com.br\\\/blog\\\/2021\\\/09\\\/o-porque-das-etiquetas-personalizadas-serem-um-must-have-para-a-escola\\\/#primaryimage\"},\"image\":{\"@id\":\"https:\\\/\\\/www.mynametags.com.br\\\/blog\\\/2021\\\/09\\\/o-porque-das-etiquetas-personalizadas-serem-um-must-have-para-a-escola\\\/#primaryimage\"},\"thumbnailUrl\":\"https:\\\/\\\/www.mynametags.com.br\\\/blog\\\/wp-content\\\/uploads\\\/2021\\\/09\\\/IMG_2953-2-1024x683.jpg\",\"datePublished\":\"2021-09-29T11:21:41+00:00\",\"dateModified\":\"2022-03-14T15:45:47+00:00\",\"author\":{\"@id\":\"https:\\\/\\\/www.mynametags.com.br\\\/blog\\\/#\\\/schema\\\/person\\\/b2a0d2a574a114e046034faa34634e21\"},\"description\":\"Em m\u00e9dia, uma crian\u00e7a perde permanentemente 9 artigos por ano lectivo. A solu\u00e7\u00e3o f\u00e1cil e simples para isto? Etiquetar TUDO!\",\"breadcrumb\":{\"@id\":\"https:\\\/\\\/www.mynametags.com.br\\\/blog\\\/2021\\\/09\\\/o-porque-das-etiquetas-personalizadas-serem-um-must-have-para-a-escola\\\/#breadcrumb\"},\"inLanguage\":\"en-GB\",\"potentialAction\":[{\"@type\":\"ReadAction\",\"target\":[\"https:\\\/\\\/www.mynametags.com.br\\\/blog\\\/2021\\\/09\\\/o-porque-das-etiquetas-personalizadas-serem-um-must-have-para-a-escola\\\/\"]}]},{\"@type\":\"ImageObject\",\"inLanguage\":\"en-GB\",\"@id\":\"https:\\\/\\\/www.mynametags.com.br\\\/blog\\\/2021\\\/09\\\/o-porque-das-etiquetas-personalizadas-serem-um-must-have-para-a-escola\\\/#primaryimage\",\"url\":\"https:\\\/\\\/www.mynametags.com.br\\\/blog\\\/wp-content\\\/uploads\\\/2021\\\/09\\\/IMG_2953-2.jpg\",\"contentUrl\":\"https:\\\/\\\/www.mynametags.com.br\\\/blog\\\/wp-content\\\/uploads\\\/2021\\\/09\\\/IMG_2953-2.jpg\",\"width\":1920,\"height\":1280},{\"@type\":\"BreadcrumbList\",\"@id\":\"https:\\\/\\\/www.mynametags.com.br\\\/blog\\\/2021\\\/09\\\/o-porque-das-etiquetas-personalizadas-serem-um-must-have-para-a-escola\\\/#breadcrumb\",\"itemListElement\":[{\"@type\":\"ListItem\",\"position\":1,\"name\":\"Home\",\"item\":\"https:\\\/\\\/www.mynametags.com.br\\\/blog\\\/\"},{\"@type\":\"ListItem\",\"position\":2,\"name\":\"O porqu\u00ea das etiquetas personalizadas serem um must-have para a escola\"}]},{\"@type\":\"WebSite\",\"@id\":\"https:\\\/\\\/www.mynametags.com.br\\\/blog\\\/#website\",\"url\":\"https:\\\/\\\/www.mynametags.com.br\\\/blog\\\/\",\"name\":\"My Nametags BR Blog\",\"description\":\"blog about name labels, name tags and other important matters\",\"potentialAction\":[{\"@type\":\"SearchAction\",\"target\":{\"@type\":\"EntryPoint\",\"urlTemplate\":\"https:\\\/\\\/www.mynametags.com.br\\\/blog\\\/?s={search_term_string}\"},\"query-input\":{\"@type\":\"PropertyValueSpecification\",\"valueRequired\":true,\"valueName\":\"search_term_string\"}}],\"inLanguage\":\"en-GB\"},{\"@type\":\"Person\",\"@id\":\"https:\\\/\\\/www.mynametags.com.br\\\/blog\\\/#\\\/schema\\\/person\\\/b2a0d2a574a114e046034faa34634e21\",\"name\":\"admin\",\"image\":{\"@type\":\"ImageObject\",\"inLanguage\":\"en-GB\",\"@id\":\"https:\\\/\\\/secure.gravatar.com\\\/avatar\\\/27b864c344d0ba647defbb14d62338d7e0dbb466a73b4966351866c8441fdae1?s=96&d=mm&r=g\",\"url\":\"https:\\\/\\\/secure.gravatar.com\\\/avatar\\\/27b864c344d0ba647defbb14d62338d7e0dbb466a73b4966351866c8441fdae1?s=96&d=mm&r=g\",\"contentUrl\":\"https:\\\/\\\/secure.gravatar.com\\\/avatar\\\/27b864c344d0ba647defbb14d62338d7e0dbb466a73b4966351866c8441fdae1?s=96&d=mm&r=g\",\"caption\":\"admin\"},\"url\":\"https:\\\/\\\/www.mynametags.com.br\\\/blog\\\/author\\\/admin\\\/\"}]}<\/script>\n<!-- \/ Yoast SEO plugin. -->","yoast_head_json":{"title":"O porqu\u00ea das etiquetas personalizadas serem um must-have para a escola - MN","description":"Em m\u00e9dia, uma crian\u00e7a perde permanentemente 9 artigos por ano lectivo. A solu\u00e7\u00e3o f\u00e1cil e simples para isto? Etiquetar TUDO!","robots":{"index":"index","follow":"follow","max-snippet":"max-snippet:-1","max-image-preview":"max-image-preview:large","max-video-preview":"max-video-preview:-1"},"canonical":"https:\/\/www.mynametags.com.br\/blog\/2021\/09\/o-porque-das-etiquetas-personalizadas-serem-um-must-have-para-a-escola\/","og_locale":"en_GB","og_type":"article","og_title":"O porqu\u00ea das etiquetas personalizadas serem um must-have para a escola - MN","og_description":"Em m\u00e9dia, uma crian\u00e7a perde permanentemente 9 artigos por ano lectivo. A solu\u00e7\u00e3o f\u00e1cil e simples para isto? Etiquetar TUDO!","og_url":"https:\/\/www.mynametags.com.br\/blog\/2021\/09\/o-porque-das-etiquetas-personalizadas-serem-um-must-have-para-a-escola\/","og_site_name":"My Nametags BR Blog","article_publisher":"https:\/\/www.facebook.com\/MyNametags","article_published_time":"2021-09-29T11:21:41+00:00","article_modified_time":"2022-03-14T15:45:47+00:00","og_image":[{"width":1920,"height":1280,"url":"https:\/\/www.mynametags.com.br\/blog\/wp-content\/uploads\/2021\/09\/IMG_2953-2.jpg","type":"image\/jpeg"}],"author":"admin","twitter_card":"summary_large_image","twitter_creator":"@MyNametags","twitter_site":"@MyNametags","twitter_misc":{"Written by":"admin","Estimated reading time":"3 minutes"},"schema":{"@context":"https:\/\/schema.org","@graph":[{"@type":"Article","@id":"https:\/\/www.mynametags.com.br\/blog\/2021\/09\/o-porque-das-etiquetas-personalizadas-serem-um-must-have-para-a-escola\/#article","isPartOf":{"@id":"https:\/\/www.mynametags.com.br\/blog\/2021\/09\/o-porque-das-etiquetas-personalizadas-serem-um-must-have-para-a-escola\/"},"author":{"name":"admin","@id":"https:\/\/www.mynametags.com.br\/blog\/#\/schema\/person\/b2a0d2a574a114e046034faa34634e21"},"headline":"O porqu\u00ea das etiquetas personalizadas serem um must-have para a escola","datePublished":"2021-09-29T11:21:41+00:00","dateModified":"2022-03-14T15:45:47+00:00","mainEntityOfPage":{"@id":"https:\/\/www.mynametags.com.br\/blog\/2021\/09\/o-porque-das-etiquetas-personalizadas-serem-um-must-have-para-a-escola\/"},"wordCount":589,"image":{"@id":"https:\/\/www.mynametags.com.br\/blog\/2021\/09\/o-porque-das-etiquetas-personalizadas-serem-um-must-have-para-a-escola\/#primaryimage"},"thumbnailUrl":"https:\/\/www.mynametags.com.br\/blog\/wp-content\/uploads\/2021\/09\/IMG_2953-2-1024x683.jpg","articleSection":["Uncategorized"],"inLanguage":"en-GB"},{"@type":"WebPage","@id":"https:\/\/www.mynametags.com.br\/blog\/2021\/09\/o-porque-das-etiquetas-personalizadas-serem-um-must-have-para-a-escola\/","url":"https:\/\/www.mynametags.com.br\/blog\/2021\/09\/o-porque-das-etiquetas-personalizadas-serem-um-must-have-para-a-escola\/","name":"O porqu\u00ea das etiquetas personalizadas serem um must-have para a escola - MN","isPartOf":{"@id":"https:\/\/www.mynametags.com.br\/blog\/#website"},"primaryImageOfPage":{"@id":"https:\/\/www.mynametags.com.br\/blog\/2021\/09\/o-porque-das-etiquetas-personalizadas-serem-um-must-have-para-a-escola\/#primaryimage"},"image":{"@id":"https:\/\/www.mynametags.com.br\/blog\/2021\/09\/o-porque-das-etiquetas-personalizadas-serem-um-must-have-para-a-escola\/#primaryimage"},"thumbnailUrl":"https:\/\/www.mynametags.com.br\/blog\/wp-content\/uploads\/2021\/09\/IMG_2953-2-1024x683.jpg","datePublished":"2021-09-29T11:21:41+00:00","dateModified":"2022-03-14T15:45:47+00:00","author":{"@id":"https:\/\/www.mynametags.com.br\/blog\/#\/schema\/person\/b2a0d2a574a114e046034faa34634e21"},"description":"Em m\u00e9dia, uma crian\u00e7a perde permanentemente 9 artigos por ano lectivo. A solu\u00e7\u00e3o f\u00e1cil e simples para isto? Etiquetar TUDO!","breadcrumb":{"@id":"https:\/\/www.mynametags.com.br\/blog\/2021\/09\/o-porque-das-etiquetas-personalizadas-serem-um-must-have-para-a-escola\/#breadcrumb"},"inLanguage":"en-GB","potentialAction":[{"@type":"ReadAction","target":["https:\/\/www.mynametags.com.br\/blog\/2021\/09\/o-porque-das-etiquetas-personalizadas-serem-um-must-have-para-a-escola\/"]}]},{"@type":"ImageObject","inLanguage":"en-GB","@id":"https:\/\/www.mynametags.com.br\/blog\/2021\/09\/o-porque-das-etiquetas-personalizadas-serem-um-must-have-para-a-escola\/#primaryimage","url":"https:\/\/www.mynametags.com.br\/blog\/wp-content\/uploads\/2021\/09\/IMG_2953-2.jpg","contentUrl":"https:\/\/www.mynametags.com.br\/blog\/wp-content\/uploads\/2021\/09\/IMG_2953-2.jpg","width":1920,"height":1280},{"@type":"BreadcrumbList","@id":"https:\/\/www.mynametags.com.br\/blog\/2021\/09\/o-porque-das-etiquetas-personalizadas-serem-um-must-have-para-a-escola\/#breadcrumb","itemListElement":[{"@type":"ListItem","position":1,"name":"Home","item":"https:\/\/www.mynametags.com.br\/blog\/"},{"@type":"ListItem","position":2,"name":"O porqu\u00ea das etiquetas personalizadas serem um must-have para a escola"}]},{"@type":"WebSite","@id":"https:\/\/www.mynametags.com.br\/blog\/#website","url":"https:\/\/www.mynametags.com.br\/blog\/","name":"My Nametags BR Blog","description":"blog about name labels, name tags and other important matters","potentialAction":[{"@type":"SearchAction","target":{"@type":"EntryPoint","urlTemplate":"https:\/\/www.mynametags.com.br\/blog\/?s={search_term_string}"},"query-input":{"@type":"PropertyValueSpecification","valueRequired":true,"valueName":"search_term_string"}}],"inLanguage":"en-GB"},{"@type":"Person","@id":"https:\/\/www.mynametags.com.br\/blog\/#\/schema\/person\/b2a0d2a574a114e046034faa34634e21","name":"admin","image":{"@type":"ImageObject","inLanguage":"en-GB","@id":"https:\/\/secure.gravatar.com\/avatar\/27b864c344d0ba647defbb14d62338d7e0dbb466a73b4966351866c8441fdae1?s=96&d=mm&r=g","url":"https:\/\/secure.gravatar.com\/avatar\/27b864c344d0ba647defbb14d62338d7e0dbb466a73b4966351866c8441fdae1?s=96&d=mm&r=g","contentUrl":"https:\/\/secure.gravatar.com\/avatar\/27b864c344d0ba647defbb14d62338d7e0dbb466a73b4966351866c8441fdae1?s=96&d=mm&r=g","caption":"admin"},"url":"https:\/\/www.mynametags.com.br\/blog\/author\/admin\/"}]}},"post_mailing_queue_ids":[],"_links":{"self":[{"href":"https:\/\/www.mynametags.com.br\/blog\/wp-json\/wp\/v2\/posts\/1836","targetHints":{"allow":["GET"]}}],"collection":[{"href":"https:\/\/www.mynametags.com.br\/blog\/wp-json\/wp\/v2\/posts"}],"about":[{"href":"https:\/\/www.mynametags.com.br\/blog\/wp-json\/wp\/v2\/types\/post"}],"author":[{"embeddable":true,"href":"https:\/\/www.mynametags.com.br\/blog\/wp-json\/wp\/v2\/users\/1"}],"replies":[{"embeddable":true,"href":"https:\/\/www.mynametags.com.br\/blog\/wp-json\/wp\/v2\/comments?post=1836"}],"version-history":[{"count":5,"href":"https:\/\/www.mynametags.com.br\/blog\/wp-json\/wp\/v2\/posts\/1836\/revisions"}],"predecessor-version":[{"id":1885,"href":"https:\/\/www.mynametags.com.br\/blog\/wp-json\/wp\/v2\/posts\/1836\/revisions\/1885"}],"wp:attachment":[{"href":"https:\/\/www.mynametags.com.br\/blog\/wp-json\/wp\/v2\/media?parent=1836"}],"wp:term":[{"taxonomy":"category","embeddable":true,"href":"https:\/\/www.mynametags.com.br\/blog\/wp-json\/wp\/v2\/categories?post=1836"},{"taxonomy":"post_tag","embeddable":true,"href":"https:\/\/www.mynametags.com.br\/blog\/wp-json\/wp\/v2\/tags?post=1836"}],"curies":[{"name":"wp","href":"https:\/\/api.w.org\/{rel}","templated":true}]}}